{"id":40,"date":"2015-10-01T14:31:43","date_gmt":"2015-10-01T12:31:43","guid":{"rendered":"http:\/\/tagesmutter-in-graben-neudorf.de\/?p=40"},"modified":"2015-10-09T19:39:16","modified_gmt":"2015-10-09T17:39:16","slug":"eingewoehnungsphase","status":"publish","type":"post","link":"https:\/\/tagesmutter-in-graben-neudorf.de\/?p=40","title":{"rendered":"Eingew\u00f6hnungsphase"},"content":{"rendered":"<h2>Die Eingew\u00f6hnungsphase bei einer Tagesmutter<\/h2>\n<p>Die Betreuung durch eine <strong>Tagesmutter<\/strong> bedeutet eine gro\u00dfe Umstellung f\u00fcr das Kind. Daher ist es wichtig, die Eingew\u00f6hnung individuell auf den Charakter des Kindes abzustimmen. Die Begleitung durch die Eltern bietet dem Kind dabei die n\u00f6tige Sicherheit, um die <strong>Tagesmutter<\/strong>, die anderen Kinder, die R\u00e4ume und den Tagesablauf in Ruhe kennenzulernen.<\/p>\n","protected":false},"excerpt":{"rendered":"<div class=\"mh-excerpt\"><p>Die Eingew\u00f6hnungsphase bei einer Tagesmutter Die Betreuung durch eine Tagesmutter bedeutet eine gro\u00dfe Umstellung f\u00fcr das Kind. Daher ist es wichtig, die Eingew\u00f6hnung individuell auf den Charakter des Kindes abzustimmen. Die Begleitung durch die Eltern <a class=\"mh-excerpt-more\" href=\"https:\/\/tagesmutter-in-graben-neudorf.de\/?p=40\" title=\"Eingew\u00f6hnungsphase\">[&#8230;]<\/a><\/p>\n<\/div>","protected":false},"author":1,"featured_media":0,"comment_status":"closed","ping_status":"open","sticky":false,"template":"","format":"standard","meta":{"footnotes":""},"categories":[1],"tags":[],"_links":{"self":[{"href":"https:\/\/tagesmutter-in-graben-neudorf.de\/index.php?rest_route=\/wp\/v2\/posts\/40"}],"collection":[{"href":"https:\/\/tagesmutter-in-graben-neudorf.de\/index.php?rest_route=\/wp\/v2\/posts"}],"about":[{"href":"https:\/\/tagesmutter-in-graben-neudorf.de\/index.php?rest_route=\/wp\/v2\/types\/post"}],"author":[{"embeddable":true,"href":"https:\/\/tagesmutter-in-graben-neudorf.de\/index.php?rest_route=\/wp\/v2\/users\/1"}],"replies":[{"embeddable":true,"href":"https:\/\/tagesmutter-in-graben-neudorf.de\/index.php?rest_route=%2Fwp%2Fv2%2Fcomments&post=40"}],"version-history":[{"count":2,"href":"https:\/\/tagesmutter-in-graben-neudorf.de\/index.php?rest_route=\/wp\/v2\/posts\/40\/revisions"}],"predecessor-version":[{"id":67,"href":"https:\/\/tagesmutter-in-graben-neudorf.de\/index.php?rest_route=\/wp\/v2\/posts\/40\/revisions\/67"}],"wp:attachment":[{"href":"https:\/\/tagesmutter-in-graben-neudorf.de\/index.php?rest_route=%2Fwp%2Fv2%2Fmedia&parent=40"}],"wp:term":[{"taxonomy":"category","embeddable":true,"href":"https:\/\/tagesmutter-in-graben-neudorf.de\/index.php?rest_route=%2Fwp%2Fv2%2Fcategories&post=40"},{"taxonomy":"post_tag","embeddable":true,"href":"https:\/\/tagesmutter-in-graben-neudorf.de\/index.php?rest_route=%2Fwp%2Fv2%2Ftags&post=40"}],"curies":[{"name":"wp","href":"https:\/\/api.w.org\/{rel}","templated":true}]}}