{"id":204,"date":"2017-02-03T15:40:56","date_gmt":"2017-02-03T14:40:56","guid":{"rendered":"http:\/\/tagesmutter-in-graben-neudorf.de\/?p=204"},"modified":"2017-04-11T15:06:15","modified_gmt":"2017-04-11T13:06:15","slug":"besuch-vom-buergermeister-christian-eheim","status":"publish","type":"post","link":"https:\/\/tagesmutter-in-graben-neudorf.de\/?p=204","title":{"rendered":"Besuch vom B\u00fcrgermeister Christian Eheim"},"content":{"rendered":"<p>Heute hatten wir in unseren R\u00e4umlichkeiten Besuch von unserem B\u00fcrgermeister Christian Eheim. Herr Eheim wollte sich einen ersten Eindruck von unserer Kindertagespflege machen. Wir m\u00f6chten uns an dieser Stelle f\u00fcr seinen Besuch bedanken und freuen uns auf eine weiterhin gute Zusammenarbeit.<\/p>\n","protected":false},"excerpt":{"rendered":"<div class=\"mh-excerpt\"><p>Heute hatten wir in unseren R\u00e4umlichkeiten Besuch von unserem B\u00fcrgermeister Christian Eheim. Herr Eheim wollte sich einen ersten Eindruck von unserer Kindertagespflege machen. Wir m\u00f6chten uns an dieser Stelle f\u00fcr seinen Besuch bedanken und freuen <a class=\"mh-excerpt-more\" href=\"https:\/\/tagesmutter-in-graben-neudorf.de\/?p=204\" title=\"Besuch vom B\u00fcrgermeister Christian Eheim\">[&#8230;]<\/a><\/p>\n<\/div>","protected":false},"author":1,"featured_media":0,"comment_status":"closed","ping_status":"open","sticky":false,"template":"","format":"standard","meta":{"footnotes":""},"categories":[1],"tags":[],"_links":{"self":[{"href":"https:\/\/tagesmutter-in-graben-neudorf.de\/index.php?rest_route=\/wp\/v2\/posts\/204"}],"collection":[{"href":"https:\/\/tagesmutter-in-graben-neudorf.de\/index.php?rest_route=\/wp\/v2\/posts"}],"about":[{"href":"https:\/\/tagesmutter-in-graben-neudorf.de\/index.php?rest_route=\/wp\/v2\/types\/post"}],"author":[{"embeddable":true,"href":"https:\/\/tagesmutter-in-graben-neudorf.de\/index.php?rest_route=\/wp\/v2\/users\/1"}],"replies":[{"embeddable":true,"href":"https:\/\/tagesmutter-in-graben-neudorf.de\/index.php?rest_route=%2Fwp%2Fv2%2Fcomments&post=204"}],"version-history":[{"count":2,"href":"https:\/\/tagesmutter-in-graben-neudorf.de\/index.php?rest_route=\/wp\/v2\/posts\/204\/revisions"}],"predecessor-version":[{"id":206,"href":"https:\/\/tagesmutter-in-graben-neudorf.de\/index.php?rest_route=\/wp\/v2\/posts\/204\/revisions\/206"}],"wp:attachment":[{"href":"https:\/\/tagesmutter-in-graben-neudorf.de\/index.php?rest_route=%2Fwp%2Fv2%2Fmedia&parent=204"}],"wp:term":[{"taxonomy":"category","embeddable":true,"href":"https:\/\/tagesmutter-in-graben-neudorf.de\/index.php?rest_route=%2Fwp%2Fv2%2Fcategories&post=204"},{"taxonomy":"post_tag","embeddable":true,"href":"https:\/\/tagesmutter-in-graben-neudorf.de\/index.php?rest_route=%2Fwp%2Fv2%2Ftags&post=204"}],"curies":[{"name":"wp","href":"https:\/\/api.w.org\/{rel}","templated":true}]}}