{"id":117,"date":"2017-01-15T08:02:40","date_gmt":"2017-01-15T07:02:40","guid":{"rendered":"http:\/\/tagesmutter-in-graben-neudorf.de\/?p=117"},"modified":"2017-04-11T15:06:07","modified_gmt":"2017-04-11T13:06:07","slug":"rappelkiste-wird-honigtiger","status":"publish","type":"post","link":"https:\/\/tagesmutter-in-graben-neudorf.de\/?p=117","title":{"rendered":"Aus der Rappelkiste wird der HonigtigeR"},"content":{"rendered":"<h2>Tagesmutter in neuen R\u00e4umlichkeiten<\/h2>\n<p>Aus der Rappelkiste wird in den n\u00e4chsten Wochen der HonigtigeR. Vermutlich ab dem 1.3.2017 werde ich gemeinsam mit meiner Kollegin Sarina Scherb in den neuen R\u00e4umlichkeiten, Madgeburger Stra\u00dfe 2 in 76676 Graben-Neudorf, den ersten TigeR in Graben-Neudorf er\u00f6ffnen. TigeR steht dabei f\u00fcr <strong>T<\/strong>agespflege <strong>i<\/strong>n anderen <strong>ge<\/strong>eigneten <strong>R<\/strong>\u00e4umen.<\/p>\n<p>In unserem TigeR betreuen mindestens zwei Tagespflegepersonen gemeinsam bis zu sieben Kinder gleichzeitig. F\u00fcr die Verl\u00e4sslichkeit der Betreuung ist in unserem TigeR eine Krankheits- und Urlaubsvertretung vorgesehen. Die Betreuung im TigeR bietet den Vorteil, dass die familien\u00e4hnlichen Betreuungsstrukturen der Tagespflege erhalten bleiben.<\/p>\n<h3>Warum eine Tagesmutter?<\/h3>\n<p>Unsere <strong>Kindertagespflege <\/strong>ist ein wichtiger Baustein in einer umfassenden <strong>Kinderbetreuung <\/strong>f\u00fcr Kinder von 1 bis 3 Jahren. Diese familiennahe Betreuungsform gibt Eltern somit die Chance, sich wieder Zeit f\u00fcr sich selbst zu nehmen und\/ oder wieder zur\u00fcck in den Beruf zu finden. Die Flexibilit\u00e4t einer <strong>Tagesmutter <\/strong>erm\u00f6glicht unter anderem eine Betreuung in Verbindung mit anderen Betreuungsangeboten.<\/p>\n<p>F\u00fcr Kinder bietet die <strong>Kindertagespflege <\/strong>erste Gruppenerfahrungen, welche einen wichtigen Rahmen f\u00fcr das soziale Lernen darstellen.<\/p>\n","protected":false},"excerpt":{"rendered":"<div class=\"mh-excerpt\"><p>Tagesmutter in neuen R\u00e4umlichkeiten Aus der Rappelkiste wird in den n\u00e4chsten Wochen der HonigtigeR. Vermutlich ab dem 1.3.2017 werde ich gemeinsam mit meiner Kollegin Sarina Scherb in den neuen R\u00e4umlichkeiten, Madgeburger Stra\u00dfe 2 in 76676 <a class=\"mh-excerpt-more\" href=\"https:\/\/tagesmutter-in-graben-neudorf.de\/?p=117\" title=\"Aus der Rappelkiste wird der HonigtigeR\">[&#8230;]<\/a><\/p>\n<\/div>","protected":false},"author":1,"featured_media":0,"comment_status":"closed","ping_status":"open","sticky":false,"template":"","format":"standard","meta":{"footnotes":""},"categories":[1],"tags":[],"_links":{"self":[{"href":"https:\/\/tagesmutter-in-graben-neudorf.de\/index.php?rest_route=\/wp\/v2\/posts\/117"}],"collection":[{"href":"https:\/\/tagesmutter-in-graben-neudorf.de\/index.php?rest_route=\/wp\/v2\/posts"}],"about":[{"href":"https:\/\/tagesmutter-in-graben-neudorf.de\/index.php?rest_route=\/wp\/v2\/types\/post"}],"author":[{"embeddable":true,"href":"https:\/\/tagesmutter-in-graben-neudorf.de\/index.php?rest_route=\/wp\/v2\/users\/1"}],"replies":[{"embeddable":true,"href":"https:\/\/tagesmutter-in-graben-neudorf.de\/index.php?rest_route=%2Fwp%2Fv2%2Fcomments&post=117"}],"version-history":[{"count":3,"href":"https:\/\/tagesmutter-in-graben-neudorf.de\/index.php?rest_route=\/wp\/v2\/posts\/117\/revisions"}],"predecessor-version":[{"id":120,"href":"https:\/\/tagesmutter-in-graben-neudorf.de\/index.php?rest_route=\/wp\/v2\/posts\/117\/revisions\/120"}],"wp:attachment":[{"href":"https:\/\/tagesmutter-in-graben-neudorf.de\/index.php?rest_route=%2Fwp%2Fv2%2Fmedia&parent=117"}],"wp:term":[{"taxonomy":"category","embeddable":true,"href":"https:\/\/tagesmutter-in-graben-neudorf.de\/index.php?rest_route=%2Fwp%2Fv2%2Fcategories&post=117"},{"taxonomy":"post_tag","embeddable":true,"href":"https:\/\/tagesmutter-in-graben-neudorf.de\/index.php?rest_route=%2Fwp%2Fv2%2Ftags&post=117"}],"curies":[{"name":"wp","href":"https:\/\/api.w.org\/{rel}","templated":true}]}}