{"id":114,"date":"2017-01-25T11:05:39","date_gmt":"2017-01-25T10:05:39","guid":{"rendered":"http:\/\/tagesmutter-in-graben-neudorf.de\/?p=114"},"modified":"2017-04-11T15:06:33","modified_gmt":"2017-04-11T13:06:33","slug":"neue-raeumlichkeiten","status":"publish","type":"post","link":"https:\/\/tagesmutter-in-graben-neudorf.de\/?p=114","title":{"rendered":"Neue R\u00e4umlichkeiten"},"content":{"rendered":"<p>So, nun beginnt langsam die &#8222;hei\u00dfe Phase&#8220;. Im Fr\u00fchjahr dieses Jahres werde ich mit meiner neuen Kollegin Sarina Scherb den ersten TigeR (Tagespflege in anderen geeigneten R\u00e4umen) er\u00f6ffnen. Es wird zur Zeit noch einiges Umgebaut und wir sind schon voll im Einrichtefieber :-). Wir freuen uns auf unsere neuen R\u00e4umlichkeiten und schon jetzt auf den vielen Spa\u00df, den wir mit unseren Tageskindern dort haben werden. Ich werde euch auf dem laufenden halten. Demn\u00e4chst folgen auch die ersten Bilder.<\/p>\n","protected":false},"excerpt":{"rendered":"<div class=\"mh-excerpt\"><p>So, nun beginnt langsam die &#8222;hei\u00dfe Phase&#8220;. Im Fr\u00fchjahr dieses Jahres werde ich mit meiner neuen Kollegin Sarina Scherb den ersten TigeR (Tagespflege in anderen geeigneten R\u00e4umen) er\u00f6ffnen. Es wird zur Zeit noch einiges Umgebaut <a class=\"mh-excerpt-more\" href=\"https:\/\/tagesmutter-in-graben-neudorf.de\/?p=114\" title=\"Neue R\u00e4umlichkeiten\">[&#8230;]<\/a><\/p>\n<\/div>","protected":false},"author":1,"featured_media":0,"comment_status":"closed","ping_status":"open","sticky":false,"template":"","format":"standard","meta":{"footnotes":""},"categories":[1],"tags":[],"_links":{"self":[{"href":"https:\/\/tagesmutter-in-graben-neudorf.de\/index.php?rest_route=\/wp\/v2\/posts\/114"}],"collection":[{"href":"https:\/\/tagesmutter-in-graben-neudorf.de\/index.php?rest_route=\/wp\/v2\/posts"}],"about":[{"href":"https:\/\/tagesmutter-in-graben-neudorf.de\/index.php?rest_route=\/wp\/v2\/types\/post"}],"author":[{"embeddable":true,"href":"https:\/\/tagesmutter-in-graben-neudorf.de\/index.php?rest_route=\/wp\/v2\/users\/1"}],"replies":[{"embeddable":true,"href":"https:\/\/tagesmutter-in-graben-neudorf.de\/index.php?rest_route=%2Fwp%2Fv2%2Fcomments&post=114"}],"version-history":[{"count":1,"href":"https:\/\/tagesmutter-in-graben-neudorf.de\/index.php?rest_route=\/wp\/v2\/posts\/114\/revisions"}],"predecessor-version":[{"id":115,"href":"https:\/\/tagesmutter-in-graben-neudorf.de\/index.php?rest_route=\/wp\/v2\/posts\/114\/revisions\/115"}],"wp:attachment":[{"href":"https:\/\/tagesmutter-in-graben-neudorf.de\/index.php?rest_route=%2Fwp%2Fv2%2Fmedia&parent=114"}],"wp:term":[{"taxonomy":"category","embeddable":true,"href":"https:\/\/tagesmutter-in-graben-neudorf.de\/index.php?rest_route=%2Fwp%2Fv2%2Fcategories&post=114"},{"taxonomy":"post_tag","embeddable":true,"href":"https:\/\/tagesmutter-in-graben-neudorf.de\/index.php?rest_route=%2Fwp%2Fv2%2Ftags&post=114"}],"curies":[{"name":"wp","href":"https:\/\/api.w.org\/{rel}","templated":true}]}}